{"id":3498,"date":"2025-08-04T18:00:00","date_gmt":"2025-08-04T16:00:00","guid":{"rendered":"https:\/\/linkbig.es\/?p=3498"},"modified":"2025-08-04T15:18:43","modified_gmt":"2025-08-04T13:18:43","slug":"linkbig-soul-working-com-a-sponsor-al-talent-day-bcn25","status":"publish","type":"post","link":"https:\/\/linkbig.es\/ca\/linkbig-soul-working-com-a-sponsor-al-talent-day-bcn25\/","title":{"rendered":"Linkbig\u00ae Soul Working\u00ae com a\u00a0sponsor\u00a0al Talent Day BCN\u201925"},"content":{"rendered":"\n<div class=\"wp-block-group aligncenter is-layout-flow wp-block-group-is-layout-flow\">\n<p><\/p>\n<\/div>\n\n\n\n<figure class=\"wp-block-gallery has-nested-images columns-default is-cropped wp-block-gallery-1 is-layout-flex wp-block-gallery-is-layout-flex\">\n<figure class=\"wp-block-image size-large\"><img loading=\"lazy\" decoding=\"async\" width=\"1024\" height=\"1024\" data-id=\"3479\" src=\"https:\/\/linkbig.es\/wp-content\/uploads\/2023\/09\/talent-day-dos-logos-transparents-1024x1024.png\" alt=\"talent day dos logos transparents\" class=\"wp-image-3479\" srcset=\"https:\/\/linkbig.es\/wp-content\/uploads\/2023\/09\/talent-day-dos-logos-transparents-1024x1024.png 1024w, https:\/\/linkbig.es\/wp-content\/uploads\/2023\/09\/talent-day-dos-logos-transparents-450x450.png 450w, https:\/\/linkbig.es\/wp-content\/uploads\/2023\/09\/talent-day-dos-logos-transparents-150x150.png 150w, https:\/\/linkbig.es\/wp-content\/uploads\/2023\/09\/talent-day-dos-logos-transparents-768x768.png 768w, https:\/\/linkbig.es\/wp-content\/uploads\/2023\/09\/talent-day-dos-logos-transparents-50x50.png 50w, https:\/\/linkbig.es\/wp-content\/uploads\/2023\/09\/talent-day-dos-logos-transparents-100x100.png 100w, https:\/\/linkbig.es\/wp-content\/uploads\/2023\/09\/talent-day-dos-logos-transparents-200x200.png 200w, https:\/\/linkbig.es\/wp-content\/uploads\/2023\/09\/talent-day-dos-logos-transparents-300x300.png 300w, https:\/\/linkbig.es\/wp-content\/uploads\/2023\/09\/talent-day-dos-logos-transparents.png 1200w\" sizes=\"auto, (max-width: 1024px) 100vw, 1024px\" \/><\/figure>\n<\/figure>\n\n\n\n<p>Les empreses no creixen per si mateixes: creixen les persones.<br>I \u00e9s a trav\u00e9s de les persones que fem que les companyies avancin i es transformin.<br>La feina ja no \u00e9s nom\u00e9s un lloc on anar, sin\u00f3 una experi\u00e8ncia de connexi\u00f3 personalitzada i adaptada a cada realitat.<\/p>\n\n\n\n<p>El proper&nbsp;<strong>16 de setembre<\/strong>,&nbsp;<strong>linkbig\u00ae Soul Working\u00ae<\/strong>&nbsp;&amp;&nbsp;<strong>HELPOINT SERVICES\u00ae<\/strong>&nbsp;serem presents al&nbsp;<strong>Talent Day Barcelona<\/strong>, l\u2019esdeveniment de refer\u00e8ncia per a aquells que saben posar les persones al centre i cuidar-ne el seu talent.<\/p>\n\n\n\n<p>Com a&nbsp;<strong>sponsors<\/strong>&nbsp;i&nbsp;<strong>partners estrat\u00e8gics<\/strong>, compartirem la nostra visi\u00f3 sobre com acompanyar les persones al llarg de tot el seu&nbsp;<em>talent journey<\/em>:<\/p>\n\n\n\n<ul class=\"wp-block-list\">\n<li>Des de l\u2019atracci\u00f3 i la selecci\u00f3.<\/li>\n\n\n\n<li>Passant pel desenvolupament i l\u2019acompanyament del creixement.<\/li>\n\n\n\n<li>Sempre des d\u2019una mirada humana, amb sentit i orientada a resultats.<\/li>\n<\/ul>\n\n\n\n<p>Creiem en un enfocament experiencial que connecta amb els reptes reals de les empreses i que posa, de veritat,&nbsp;<strong>les persones al centre<\/strong>.<\/p>\n\n\n\n<p>El potencial no es gestiona:&nbsp;<strong>s\u2019acompanya<\/strong>.<br>Si comparteixes aquesta manera de veure i fer les coses, ens encantar\u00e0 trobar-nos amb tu i conversar al nostre espai.<\/p>\n\n\n\n<p>\ud83d\udccd&nbsp;<strong>Talent Day<\/strong>&nbsp;| 16\/09\/2025 | Barcelona<br>\ud83d\udd17&nbsp;<strong>Inscriu-t\u2019hi aqu\u00ed:<\/strong>&nbsp;<a class=\"\" href=\"https:\/\/lnkd.in\/dimcXYVn\">https:\/\/lnkd.in\/dimcXYVn<\/a><\/p>\n","protected":false},"excerpt":{"rendered":"<p>Les empreses no creixen per si mateixes: creixen les persones.I \u00e9s a trav\u00e9s de les persones que fem que les companyies avancin i es transformin.La feina ja no \u00e9s nom\u00e9s un lloc on anar, sin\u00f3 una experi\u00e8ncia de connexi\u00f3 personalitzada i adaptada a cada realitat. El proper&nbsp;16 de setembre,&nbsp;linkbig\u00ae Soul Working\u00ae&nbsp;&amp;&nbsp;HELPOINT SERVICES\u00ae&nbsp;serem presents al&nbsp;Talent Day [&hellip;]<\/p>\n","protected":false},"author":1,"featured_media":3482,"comment_status":"closed","ping_status":"closed","sticky":false,"template":"","format":"standard","meta":{"_seopress_robots_primary_cat":"","_seopress_titles_title":"","_seopress_titles_desc":"","_seopress_robots_index":"","inline_featured_image":false,"footnotes":""},"targets":[],"course-formats":[224],"disciplines":[],"areas":[],"class_list":["post-3498","post","type-post","status-publish","format-standard","has-post-thumbnail","hentry","course-format-events-2"],"_links":{"self":[{"href":"https:\/\/linkbig.es\/ca\/wp-json\/wp\/v2\/posts\/3498","targetHints":{"allow":["GET"]}}],"collection":[{"href":"https:\/\/linkbig.es\/ca\/wp-json\/wp\/v2\/posts"}],"about":[{"href":"https:\/\/linkbig.es\/ca\/wp-json\/wp\/v2\/types\/post"}],"author":[{"embeddable":true,"href":"https:\/\/linkbig.es\/ca\/wp-json\/wp\/v2\/users\/1"}],"replies":[{"embeddable":true,"href":"https:\/\/linkbig.es\/ca\/wp-json\/wp\/v2\/comments?post=3498"}],"version-history":[{"count":0,"href":"https:\/\/linkbig.es\/ca\/wp-json\/wp\/v2\/posts\/3498\/revisions"}],"wp:featuredmedia":[{"embeddable":true,"href":"https:\/\/linkbig.es\/ca\/wp-json\/wp\/v2\/media\/3482"}],"wp:attachment":[{"href":"https:\/\/linkbig.es\/ca\/wp-json\/wp\/v2\/media?parent=3498"}],"wp:term":[{"taxonomy":"target","embeddable":true,"href":"https:\/\/linkbig.es\/ca\/wp-json\/wp\/v2\/targets?post=3498"},{"taxonomy":"course-format","embeddable":true,"href":"https:\/\/linkbig.es\/ca\/wp-json\/wp\/v2\/course-formats?post=3498"},{"taxonomy":"discipline","embeddable":true,"href":"https:\/\/linkbig.es\/ca\/wp-json\/wp\/v2\/disciplines?post=3498"},{"taxonomy":"areas","embeddable":true,"href":"https:\/\/linkbig.es\/ca\/wp-json\/wp\/v2\/areas?post=3498"}],"curies":[{"name":"wp","href":"https:\/\/api.w.org\/{rel}","templated":true}]}}